{"id":14084,"date":"2026-09-01T13:38:42","date_gmt":"2026-09-01T16:38:42","guid":{"rendered":"https:\/\/isfd14-nqn.infd.edu.ar\/sitio\/?p=14084"},"modified":"2026-09-01T13:38:44","modified_gmt":"2026-09-01T16:38:44","slug":"convocar-a-reunion-de-personal","status":"publish","type":"post","link":"https:\/\/isfd14-nqn.infd.edu.ar\/sitio\/convocar-a-reunion-de-personal\/","title":{"rendered":"Convocar a Reuni\u00f3n de Personal."},"content":{"rendered":"\n<hr class=\"wp-block-separator has-text-color has-accent-color has-alpha-channel-opacity has-accent-background-color has-background\"\/>\n\n\n\n<p><strong>Se convoca a reuni\u00f3n de personal para el d\u00eda jueves 03 de septiembre del corriente desde las 18:00 Hs. a 20:00 Hs. El turno vespertino ingresar\u00e1 despu\u00e9s de las 20:00 Hs. a clases. &nbsp;<\/strong><\/p>\n\n\n\n<p>Temario:<\/p>\n\n\n\n<p>-Situaciones planteadas a trav\u00e9s de notas dirigidas al Equipo Directivo-solicitud de los docentes de un espacio para dar tratamiento a las acciones llevadas a cabo por los representantes de Claustro Docente y TAE en CPI.<\/p>\n\n\n\n<p>Atendiendo a lo solicitado realizamos la convocatoria, entendiendo que la mejor manera de abordar las diferencias es a trav\u00e9s del di\u00e1logo y la construcci\u00f3n de espacios que fortalezcan la democracia institucional.<\/p>\n\n\n\n<p>Les esperamos.<\/p>\n","protected":false},"excerpt":{"rendered":"<p>Se convoca a reuni\u00f3n de personal para el d\u00eda jueves 03 de septiembre del corriente desde las 18:00 Hs. a 20:00 Hs. El turno vespertino ingresar\u00e1 despu\u00e9s de las 20:00 Hs. a clases. &nbsp; Temario: -Situaciones planteadas a trav\u00e9s de notas dirigidas al Equipo Directivo-solicitud de los docentes de un espacio para dar tratamiento a &#8230; <a title=\"Convocar a Reuni\u00f3n de Personal.\" class=\"read-more\" href=\"https:\/\/isfd14-nqn.infd.edu.ar\/sitio\/convocar-a-reunion-de-personal\/\" aria-label=\"More on Convocar a Reuni\u00f3n de Personal.\">[+]<\/a><\/p>\n","protected":false},"author":1183,"featured_media":0,"comment_status":"open","ping_status":"open","sticky":true,"template":"","format":"standard","meta":[],"categories":[19,18],"tags":[],"acf":[],"_links":{"self":[{"href":"https:\/\/isfd14-nqn.infd.edu.ar\/sitio\/wp-json\/wp\/v2\/posts\/14084"}],"collection":[{"href":"https:\/\/isfd14-nqn.infd.edu.ar\/sitio\/wp-json\/wp\/v2\/posts"}],"about":[{"href":"https:\/\/isfd14-nqn.infd.edu.ar\/sitio\/wp-json\/wp\/v2\/types\/post"}],"author":[{"embeddable":true,"href":"https:\/\/isfd14-nqn.infd.edu.ar\/sitio\/wp-json\/wp\/v2\/users\/1183"}],"replies":[{"embeddable":true,"href":"https:\/\/isfd14-nqn.infd.edu.ar\/sitio\/wp-json\/wp\/v2\/comments?post=14084"}],"version-history":[{"count":1,"href":"https:\/\/isfd14-nqn.infd.edu.ar\/sitio\/wp-json\/wp\/v2\/posts\/14084\/revisions"}],"predecessor-version":[{"id":14085,"href":"https:\/\/isfd14-nqn.infd.edu.ar\/sitio\/wp-json\/wp\/v2\/posts\/14084\/revisions\/14085"}],"wp:attachment":[{"href":"https:\/\/isfd14-nqn.infd.edu.ar\/sitio\/wp-json\/wp\/v2\/media?parent=14084"}],"wp:term":[{"taxonomy":"category","embeddable":true,"href":"https:\/\/isfd14-nqn.infd.edu.ar\/sitio\/wp-json\/wp\/v2\/categories?post=14084"},{"taxonomy":"post_tag","embeddable":true,"href":"https:\/\/isfd14-nqn.infd.edu.ar\/sitio\/wp-json\/wp\/v2\/tags?post=14084"}],"curies":[{"name":"wp","href":"https:\/\/api.w.org\/{rel}","templated":true}]}}