{"id":14086,"date":"2026-09-01T13:39:57","date_gmt":"2026-09-01T16:39:57","guid":{"rendered":"https:\/\/isfd14-nqn.infd.edu.ar\/sitio\/?p=14086"},"modified":"2026-09-01T14:10:20","modified_gmt":"2026-09-01T17:10:20","slug":"ampliacion-de-plazo-extension-e-investigacion-hasta-11-de-septiembre","status":"publish","type":"post","link":"https:\/\/isfd14-nqn.infd.edu.ar\/sitio\/ampliacion-de-plazo-extension-e-investigacion-hasta-11-de-septiembre\/","title":{"rendered":"Ampliaci\u00f3n de plazo extensi\u00f3n e investigaci\u00f3n hasta 11 de septiembre"},"content":{"rendered":"\n<hr class=\"wp-block-separator has-text-color has-accent-color has-alpha-channel-opacity has-accent-background-color has-background\"\/>\n\n\n\n<p>Estimadas compa\u00f1eras y estimados compa\u00f1eros:<\/p>\n\n\n\n<p>Nos ponemos en contacto con ustedes para informarles que se extiende el per\u00edodo para la recepci\u00f3n de proyectos de extensi\u00f3n e investigaci\u00f3n hasta el viernes 11 de Septiembre. Esta fecha permite un tiempo prudencial de evaluaci\u00f3n de propuestas y tr\u00e1mite de aval en \u00f3rganos de gobierno. Luego los proyectos son elevados a DPES en el plazo establecido por CES (del 14 a 25 de Septiembre).<\/p>\n\n\n\n<p>Se recuerda que tanto formularios como normativa vinculada a la funci\u00f3n se encuentra publicada en nuestra p\u00e1gina institucional.<\/p>\n\n\n\n<p>Del mismo modo se comparte el borrador <a rel=\"noreferrer noopener\" href=\"https:\/\/docs.google.com\/document\/d\/160JnsXj2T94xzQRs-luICLUMLEu_qp1wNF5sMXMSOp8\/edit?usp=sharing\" target=\"_blank\">RECOMENDACIONES PARA LA PRESENTACI\u00d3N DE PROYECTOS DE EXTENSI\u00d3N DEL IFD 14 &#8211; 2do CUATRIMESTRE<\/a> . El mismo fue compartido por Coordinaciones de Carrera para que puedan hacer comentarios a partir de su experiencia. Igualmente puede ser \u00fatil para orientar la elaboraci\u00f3n de las propuestas en las que est\u00e9n trabajando.<\/p>\n\n\n\n<p>Quedamos a disposici\u00f3n para lo que necesiten.<\/p>\n","protected":false},"excerpt":{"rendered":"<p>Estimadas compa\u00f1eras y estimados compa\u00f1eros: Nos ponemos en contacto con ustedes para informarles que se extiende el per\u00edodo para la recepci\u00f3n de proyectos de extensi\u00f3n e investigaci\u00f3n hasta el viernes 11 de Septiembre. Esta fecha permite un tiempo prudencial de evaluaci\u00f3n de propuestas y tr\u00e1mite de aval en \u00f3rganos de gobierno. Luego los proyectos son &#8230; <a title=\"Ampliaci\u00f3n de plazo extensi\u00f3n e investigaci\u00f3n hasta 11 de septiembre\" class=\"read-more\" href=\"https:\/\/isfd14-nqn.infd.edu.ar\/sitio\/ampliacion-de-plazo-extension-e-investigacion-hasta-11-de-septiembre\/\" aria-label=\"More on Ampliaci\u00f3n de plazo extensi\u00f3n e investigaci\u00f3n hasta 11 de septiembre\">[+]<\/a><\/p>\n","protected":false},"author":1183,"featured_media":0,"comment_status":"open","ping_status":"open","sticky":true,"template":"","format":"standard","meta":[],"categories":[19,18],"tags":[],"acf":[],"_links":{"self":[{"href":"https:\/\/isfd14-nqn.infd.edu.ar\/sitio\/wp-json\/wp\/v2\/posts\/14086"}],"collection":[{"href":"https:\/\/isfd14-nqn.infd.edu.ar\/sitio\/wp-json\/wp\/v2\/posts"}],"about":[{"href":"https:\/\/isfd14-nqn.infd.edu.ar\/sitio\/wp-json\/wp\/v2\/types\/post"}],"author":[{"embeddable":true,"href":"https:\/\/isfd14-nqn.infd.edu.ar\/sitio\/wp-json\/wp\/v2\/users\/1183"}],"replies":[{"embeddable":true,"href":"https:\/\/isfd14-nqn.infd.edu.ar\/sitio\/wp-json\/wp\/v2\/comments?post=14086"}],"version-history":[{"count":1,"href":"https:\/\/isfd14-nqn.infd.edu.ar\/sitio\/wp-json\/wp\/v2\/posts\/14086\/revisions"}],"predecessor-version":[{"id":14087,"href":"https:\/\/isfd14-nqn.infd.edu.ar\/sitio\/wp-json\/wp\/v2\/posts\/14086\/revisions\/14087"}],"wp:attachment":[{"href":"https:\/\/isfd14-nqn.infd.edu.ar\/sitio\/wp-json\/wp\/v2\/media?parent=14086"}],"wp:term":[{"taxonomy":"category","embeddable":true,"href":"https:\/\/isfd14-nqn.infd.edu.ar\/sitio\/wp-json\/wp\/v2\/categories?post=14086"},{"taxonomy":"post_tag","embeddable":true,"href":"https:\/\/isfd14-nqn.infd.edu.ar\/sitio\/wp-json\/wp\/v2\/tags?post=14086"}],"curies":[{"name":"wp","href":"https:\/\/api.w.org\/{rel}","templated":true}]}}