{"id":14118,"date":"2026-09-02T16:34:17","date_gmt":"2026-09-02T19:34:17","guid":{"rendered":"https:\/\/isfd14-nqn.infd.edu.ar\/sitio\/?p=14118"},"modified":"2026-09-02T16:34:19","modified_gmt":"2026-09-02T19:34:19","slug":"sobre-reunion-de-personal","status":"publish","type":"post","link":"https:\/\/isfd14-nqn.infd.edu.ar\/sitio\/sobre-reunion-de-personal\/","title":{"rendered":"Sobre Reuni\u00f3n de Personal"},"content":{"rendered":"\n<hr class=\"wp-block-separator has-text-color has-accent-color has-alpha-channel-opacity has-accent-background-color has-background\"\/>\n\n\n\n<p>Estimadxs:<\/p>\n\n\n\n<p>Me comunico por este medio para informar sobre la reuni\u00f3n de personal convocada para el d\u00eda de ma\u00f1ana jueves 03 de septiembre:<\/p>\n\n\n\n<ul>\n<li>La reuni\u00f3n es con suspensi\u00f3n de clases <strong>en el horario de 18:00 a 20:00 Hs.<\/strong> Es decir que la suspensi\u00f3n solo afecta a los primeros m\u00f3dulos del turno vespertino. La reuni\u00f3n es de car\u00e1cter obligatorio y se emitir\u00e1 constancia a quien lo solicite.<\/li>\n\n\n\n<li>Se me ha solicitado cambiar el temario de la reuni\u00f3n, en funci\u00f3n de no someter a debate p\u00fablico notas presentadas, que requieren un tratamiento de resguardo institucional. Tal solicitud es aceptada y agradezco la observaci\u00f3n. De ninguna manera la convocatoria pretende exponer p\u00fablicamente a un compa\u00f1ero\/a de claustro docente y\/o TAE. La reuni\u00f3n de personal se defini\u00f3 para abrir una instancia de di\u00e1logo institucional, siempre en el marco del respeto; sobre temas que est\u00e1n emergiendo en las \u00faltimas Jornadas curriculares e institucionales y necesitamos darnos el espacio para escucharnos y tratarlas.<\/li>\n<\/ul>\n\n\n\n<p><strong>Temario: Canalizaci\u00f3n del pedido de los claustros para el abordaje institucional de las actuaciones de los \u00f3rganos de gobierno.<\/strong><\/p>\n\n\n\n<ul>\n<li>Con respecto a la solicitud de que asistan representantes de vocal\u00eda gremial superior, hemos solicitado el acompa\u00f1amiento, esperamos contar con el mismo. Sobre presencia de Direcci\u00f3n de Nivel Superior, considero que en pos de conservar nuestra autonom\u00eda, y que \u00e9sta es una primera instancia de di\u00e1logo, no ser\u00eda acertado acudir al \u00f3rgano superior jer\u00e1rquico. Entiendo que tenemos la capacidad para resolver las diferencias que nos atraviesan.<\/li>\n\n\n\n<li>Como Equipo Directivo asumimos el compromiso de conducir la reuni\u00f3n de manera ordenada y en el marco de un di\u00e1logo respetuoso.<\/li>\n<\/ul>\n\n\n\n<p>Les esperamos.<\/p>\n","protected":false},"excerpt":{"rendered":"<p>Estimadxs: Me comunico por este medio para informar sobre la reuni\u00f3n de personal convocada para el d\u00eda de ma\u00f1ana jueves 03 de septiembre: Temario: Canalizaci\u00f3n del pedido de los claustros para el abordaje institucional de las actuaciones de los \u00f3rganos de gobierno. Les esperamos.<\/p>\n","protected":false},"author":1183,"featured_media":0,"comment_status":"open","ping_status":"open","sticky":true,"template":"","format":"standard","meta":[],"categories":[19,18],"tags":[],"acf":[],"_links":{"self":[{"href":"https:\/\/isfd14-nqn.infd.edu.ar\/sitio\/wp-json\/wp\/v2\/posts\/14118"}],"collection":[{"href":"https:\/\/isfd14-nqn.infd.edu.ar\/sitio\/wp-json\/wp\/v2\/posts"}],"about":[{"href":"https:\/\/isfd14-nqn.infd.edu.ar\/sitio\/wp-json\/wp\/v2\/types\/post"}],"author":[{"embeddable":true,"href":"https:\/\/isfd14-nqn.infd.edu.ar\/sitio\/wp-json\/wp\/v2\/users\/1183"}],"replies":[{"embeddable":true,"href":"https:\/\/isfd14-nqn.infd.edu.ar\/sitio\/wp-json\/wp\/v2\/comments?post=14118"}],"version-history":[{"count":1,"href":"https:\/\/isfd14-nqn.infd.edu.ar\/sitio\/wp-json\/wp\/v2\/posts\/14118\/revisions"}],"predecessor-version":[{"id":14119,"href":"https:\/\/isfd14-nqn.infd.edu.ar\/sitio\/wp-json\/wp\/v2\/posts\/14118\/revisions\/14119"}],"wp:attachment":[{"href":"https:\/\/isfd14-nqn.infd.edu.ar\/sitio\/wp-json\/wp\/v2\/media?parent=14118"}],"wp:term":[{"taxonomy":"category","embeddable":true,"href":"https:\/\/isfd14-nqn.infd.edu.ar\/sitio\/wp-json\/wp\/v2\/categories?post=14118"},{"taxonomy":"post_tag","embeddable":true,"href":"https:\/\/isfd14-nqn.infd.edu.ar\/sitio\/wp-json\/wp\/v2\/tags?post=14118"}],"curies":[{"name":"wp","href":"https:\/\/api.w.org\/{rel}","templated":true}]}}