{"id":14135,"date":"2026-09-05T23:20:38","date_gmt":"2026-09-06T02:20:38","guid":{"rendered":"https:\/\/isfd14-nqn.infd.edu.ar\/sitio\/?p=14135"},"modified":"2026-09-05T23:20:39","modified_gmt":"2026-09-06T02:20:39","slug":"clase-abierta-sobre-perspectiva-de-genero","status":"publish","type":"post","link":"https:\/\/isfd14-nqn.infd.edu.ar\/sitio\/clase-abierta-sobre-perspectiva-de-genero\/","title":{"rendered":"Clase abierta sobre perspectiva de g\u00e9nero"},"content":{"rendered":"\n<hr class=\"wp-block-separator has-text-color has-accent-color has-alpha-channel-opacity has-accent-background-color has-background\"\/>\n\n\n\n<p>Buenos d\u00edas! Esperamos que est\u00e9n disfrutando de un merecido descanso. Compartimos con toda la comunidad educativa la propuesta de clase abierta \u00ab<em>Perspectiva de genero, Ley 26.743\/2012 identidad de genero y procesos demogr\u00e1ficos: visibilizando a todes en los datos y procesos demogr\u00e1ficos\u00bb.&nbsp;<\/em><\/p>\n\n\n\n<p>Dicha propuesta es abierta a toda la comunidad de nuestra instituci\u00f3n. Se desarrollar\u00e1 el d\u00eda Lunes 7 de septiembre a las 21.20hs en nuestra Aula Magna; estar\u00e1 a cargo de la docente Reyes Dana en el marco de la catedra Geograf\u00eda de la Poblaci\u00f3n que ella dicta en nuestro profesorado de Geograf\u00eda.<\/p>\n\n\n\n<p>La misma tiene como objetivo generar puentes de dialogo igualitarios e inclusivos para una sociedad mas justa. Los Esperamos!!!<\/p>\n\n\n\n<figure class=\"wp-block-image\"><img decoding=\"async\" src=\"https:\/\/ci3.googleusercontent.com\/meips\/ADKq_NZphNXgWZu6zF_zaDNDHVPmROQhnyjO65yrXT95zHSg9cudqEgj1AAC9ollV3VhzTdABDdTnVfkCk4E0644q_Kcg70gjqCB5VJpetR1yrLpNKE2AR9HZMYCC6py4CvBXJokFy2J0Gn4Xj4CQ-w4R4mBJwv1J829heE=s0-d-e1-ft#https:\/\/isfd14-nqn.infd.edu.ar\/aula\/archivos\/_306\/news\/img_editor\/1356\/img_5tXPF01URxtwOKQFGVdr.jpg\" alt=\"\"\/><\/figure>\n","protected":false},"excerpt":{"rendered":"<p>Buenos d\u00edas! Esperamos que est\u00e9n disfrutando de un merecido descanso. Compartimos con toda la comunidad educativa la propuesta de clase abierta \u00abPerspectiva de genero, Ley 26.743\/2012 identidad de genero y procesos demogr\u00e1ficos: visibilizando a todes en los datos y procesos demogr\u00e1ficos\u00bb.&nbsp; Dicha propuesta es abierta a toda la comunidad de nuestra instituci\u00f3n. Se desarrollar\u00e1 el &#8230; <a title=\"Clase abierta sobre perspectiva de g\u00e9nero\" class=\"read-more\" href=\"https:\/\/isfd14-nqn.infd.edu.ar\/sitio\/clase-abierta-sobre-perspectiva-de-genero\/\" aria-label=\"More on Clase abierta sobre perspectiva de g\u00e9nero\">[+]<\/a><\/p>\n","protected":false},"author":1183,"featured_media":0,"comment_status":"open","ping_status":"open","sticky":true,"template":"","format":"standard","meta":[],"categories":[20,19,18],"tags":[],"acf":[],"_links":{"self":[{"href":"https:\/\/isfd14-nqn.infd.edu.ar\/sitio\/wp-json\/wp\/v2\/posts\/14135"}],"collection":[{"href":"https:\/\/isfd14-nqn.infd.edu.ar\/sitio\/wp-json\/wp\/v2\/posts"}],"about":[{"href":"https:\/\/isfd14-nqn.infd.edu.ar\/sitio\/wp-json\/wp\/v2\/types\/post"}],"author":[{"embeddable":true,"href":"https:\/\/isfd14-nqn.infd.edu.ar\/sitio\/wp-json\/wp\/v2\/users\/1183"}],"replies":[{"embeddable":true,"href":"https:\/\/isfd14-nqn.infd.edu.ar\/sitio\/wp-json\/wp\/v2\/comments?post=14135"}],"version-history":[{"count":1,"href":"https:\/\/isfd14-nqn.infd.edu.ar\/sitio\/wp-json\/wp\/v2\/posts\/14135\/revisions"}],"predecessor-version":[{"id":14136,"href":"https:\/\/isfd14-nqn.infd.edu.ar\/sitio\/wp-json\/wp\/v2\/posts\/14135\/revisions\/14136"}],"wp:attachment":[{"href":"https:\/\/isfd14-nqn.infd.edu.ar\/sitio\/wp-json\/wp\/v2\/media?parent=14135"}],"wp:term":[{"taxonomy":"category","embeddable":true,"href":"https:\/\/isfd14-nqn.infd.edu.ar\/sitio\/wp-json\/wp\/v2\/categories?post=14135"},{"taxonomy":"post_tag","embeddable":true,"href":"https:\/\/isfd14-nqn.infd.edu.ar\/sitio\/wp-json\/wp\/v2\/tags?post=14135"}],"curies":[{"name":"wp","href":"https:\/\/api.w.org\/{rel}","templated":true}]}}