{"id":14137,"date":"2026-09-05T23:21:30","date_gmt":"2026-09-06T02:21:30","guid":{"rendered":"https:\/\/isfd14-nqn.infd.edu.ar\/sitio\/?p=14137"},"modified":"2026-09-05T23:21:32","modified_gmt":"2026-09-06T02:21:32","slug":"ii-simposio-provincial-de-educacion-en-ciencias-naturales-y-salud-aportes-y-oportunidades","status":"publish","type":"post","link":"https:\/\/isfd14-nqn.infd.edu.ar\/sitio\/ii-simposio-provincial-de-educacion-en-ciencias-naturales-y-salud-aportes-y-oportunidades\/","title":{"rendered":"II Simposio Provincial de Educaci\u00f3n en Ciencias Naturales y Salud: Aportes y Oportunidades."},"content":{"rendered":"\n<hr class=\"wp-block-separator has-text-color has-accent-color has-alpha-channel-opacity has-accent-background-color has-background\"\/>\n\n\n\n<p>El d\u00eda de ayer, estudiantes de 2\u00b0 y 3\u00b0 a\u00f1o, junto a docentes del Profesorado de Educaci\u00f3n Secundaria en Biolog\u00eda del IFD N.\u00ba 14 participaron del \u00abII Simposio Provincial de Educaci\u00f3n en Ciencias Naturales y Salud: aportes y oportunidades\u00bb, organizado por el IFD N.\u00ba 2 de Chos Malal.<\/p>\n\n\n\n<p>Fue una hermosa oportunidad para compartir conocimientos, experiencias y aprendizajes, adem\u00e1s de fortalecer los v\u00ednculos entre instituciones de nuestra provincia.&nbsp;<\/p>\n\n\n\n<p>La organizaci\u00f3n y gesti\u00f3n de esta salida estuvo a cargo de la docente Yamila Miranda, con la colaboraci\u00f3n y acompa\u00f1amiento de las y los docentes: Eduardo Contreras, Sabrina Ippoliti, Micaela Ferreyra, Sol Lopepe, Mart\u00edn Riquelme y Gisela San Mart\u00edn.<\/p>\n\n\n\n<p><img decoding=\"async\" alt=\"&#x1f91d;\" src=\"https:\/\/fonts.gstatic.com\/s\/e\/notoemoji\/17.0\/1f91d\/72.png\"> Agradecemos especialmente:<\/p>\n\n\n\n<p>Al Municipio de Cutral Co, por hacer posible el traslado de estudiantes y docentes mediante el financiamiento de los pasajes.<\/p>\n\n\n\n<p>Al equipo directivo del IFD N.\u00ba 14, por su acompa\u00f1amiento y permanente disposici\u00f3n.<\/p>\n\n\n\n<p>Al IFD N.\u00ba 2, equipo del @simposiobiologiaifd2 y al Municipio de Chos Malal, por la recepci\u00f3n y por gestionar el almuerzo para el equipo docente y estudiantado.<\/p>\n\n\n\n<p>Estos encuentros nos permiten aprender m\u00e1s all\u00e1 del aula, compartir saberes y construir conocimiento colectivamente. \u00a1Aspiramos a que sea el primero de muchos m\u00e1s!<\/p>\n\n\n\n<p>\u00a1Gracias infinitas a quienes hicieron posible esta experiencia!<\/p>\n","protected":false},"excerpt":{"rendered":"<p>El d\u00eda de ayer, estudiantes de 2\u00b0 y 3\u00b0 a\u00f1o, junto a docentes del Profesorado de Educaci\u00f3n Secundaria en Biolog\u00eda del IFD N.\u00ba 14 participaron del \u00abII Simposio Provincial de Educaci\u00f3n en Ciencias Naturales y Salud: aportes y oportunidades\u00bb, organizado por el IFD N.\u00ba 2 de Chos Malal. Fue una hermosa oportunidad para compartir conocimientos, &#8230; <a title=\"II Simposio Provincial de Educaci\u00f3n en Ciencias Naturales y Salud: Aportes y Oportunidades.\" class=\"read-more\" href=\"https:\/\/isfd14-nqn.infd.edu.ar\/sitio\/ii-simposio-provincial-de-educacion-en-ciencias-naturales-y-salud-aportes-y-oportunidades\/\" aria-label=\"More on II Simposio Provincial de Educaci\u00f3n en Ciencias Naturales y Salud: Aportes y Oportunidades.\">[+]<\/a><\/p>\n","protected":false},"author":1183,"featured_media":0,"comment_status":"open","ping_status":"open","sticky":true,"template":"","format":"standard","meta":[],"categories":[20,19,18],"tags":[],"acf":[],"_links":{"self":[{"href":"https:\/\/isfd14-nqn.infd.edu.ar\/sitio\/wp-json\/wp\/v2\/posts\/14137"}],"collection":[{"href":"https:\/\/isfd14-nqn.infd.edu.ar\/sitio\/wp-json\/wp\/v2\/posts"}],"about":[{"href":"https:\/\/isfd14-nqn.infd.edu.ar\/sitio\/wp-json\/wp\/v2\/types\/post"}],"author":[{"embeddable":true,"href":"https:\/\/isfd14-nqn.infd.edu.ar\/sitio\/wp-json\/wp\/v2\/users\/1183"}],"replies":[{"embeddable":true,"href":"https:\/\/isfd14-nqn.infd.edu.ar\/sitio\/wp-json\/wp\/v2\/comments?post=14137"}],"version-history":[{"count":1,"href":"https:\/\/isfd14-nqn.infd.edu.ar\/sitio\/wp-json\/wp\/v2\/posts\/14137\/revisions"}],"predecessor-version":[{"id":14138,"href":"https:\/\/isfd14-nqn.infd.edu.ar\/sitio\/wp-json\/wp\/v2\/posts\/14137\/revisions\/14138"}],"wp:attachment":[{"href":"https:\/\/isfd14-nqn.infd.edu.ar\/sitio\/wp-json\/wp\/v2\/media?parent=14137"}],"wp:term":[{"taxonomy":"category","embeddable":true,"href":"https:\/\/isfd14-nqn.infd.edu.ar\/sitio\/wp-json\/wp\/v2\/categories?post=14137"},{"taxonomy":"post_tag","embeddable":true,"href":"https:\/\/isfd14-nqn.infd.edu.ar\/sitio\/wp-json\/wp\/v2\/tags?post=14137"}],"curies":[{"name":"wp","href":"https:\/\/api.w.org\/{rel}","templated":true}]}}