{"id":9199,"date":"2025-08-15T10:10:21","date_gmt":"2025-08-15T13:10:21","guid":{"rendered":"https:\/\/isfd14-nqn.infd.edu.ar\/sitio\/?p=9199"},"modified":"2025-08-15T10:10:42","modified_gmt":"2025-08-15T13:10:42","slug":"proyecto-del-equipo-curricular-del-ifd-n14","status":"publish","type":"post","link":"https:\/\/isfd14-nqn.infd.edu.ar\/sitio\/proyecto-del-equipo-curricular-del-ifd-n14\/","title":{"rendered":"Proyecto del Equipo Curricular del IFD N14"},"content":{"rendered":"\n<hr class=\"wp-block-separator has-text-color has-accent-color has-alpha-channel-opacity has-accent-background-color has-background\"\/>\n\n\n\n<p>Buenas noches, mediante la presente ponemos en conocimiento de toda la comunidad educativa del <a rel=\"noreferrer noopener\" href=\"https:\/\/isfd14-nqn.infd.edu.ar\/aula\/location.cgi?esMicrositio=no&amp;id_curso=304&amp;nueva=si&amp;wid_archivo=1348&amp;wseccion=03\" target=\"_blank\">PROYECT<\/a>O (aqu\u00ed) DEL EQUIPO DE REPRESENTANTES CURRICULARES DEL IFD N\u00b014 que nos representar\u00e1 en la Mesa Curricular que inicia el pr\u00f3ximo 18\/08.<\/p>\n\n\n\n<p>El inicio del proceso de evaluaci\u00f3n y actualizaci\u00f3n curricular, se dar\u00e1 luego del trabajo previo de iniciado en octubre del a\u00f1o pasado tras la aprobaci\u00f3n de la Res. 476 del CFE que establece nuevos lineamientos para la formaci\u00f3n docente. Nuestra jurisdicci\u00f3n partiendo de un an\u00e1lisis y posicionamiento cr\u00edtico frente a los mismos, comenz\u00f3 a transitar un proceso para actualizar nuestros profesorados a partir de la construcci\u00f3n de normativa RES 380\/25 y Res. 1031\/25 y documentos que resguarda los derechos de estudiantes y docentes del nivel superior y destacan los avances y construcciones irrenunciables que durante las \u00faltima d\u00e9cada hemos puesto en acto en el sistema formador provincial.&nbsp;&nbsp;<\/p>\n\n\n\n<p>El proceso de trabajo que se realizar\u00e1 para actualizar nuestros dise\u00f1os curriculares desde la mesa curricular y en conjunto con el trabajo en territorio y participativo en las instituciones, ser\u00e1 de una gran importancia hist\u00f3rica. Agradecemos, felicitamos y les ofrecemos todo nuestro acompa\u00f1amiento a las y los docentes que ser\u00e1n nuestros REPRESENTANTES CURRICULARES. As\u00ed mismo instamos a todas y todos los actores institucionales a participar activamente de este proceso que nos permitir\u00e1 continuar consolidando la formaci\u00f3n docente p\u00fablica y el derecho a la educaci\u00f3n superior.&nbsp;<\/p>\n\n\n\n<p>saludos cordiales<\/p>\n\n\n\n<p>Equipo de Conducci\u00f3n, Profs. Eduardo Contreras, Soledad Dumigual, Natalia Radulescu.&nbsp;<\/p>\n","protected":false},"excerpt":{"rendered":"<p>Buenas noches, mediante la presente ponemos en conocimiento de toda la comunidad educativa del PROYECTO (aqu\u00ed) DEL EQUIPO DE REPRESENTANTES CURRICULARES DEL IFD N\u00b014 que nos representar\u00e1 en la Mesa Curricular que inicia el pr\u00f3ximo 18\/08. El inicio del proceso de evaluaci\u00f3n y actualizaci\u00f3n curricular, se dar\u00e1 luego del trabajo previo de iniciado en octubre &#8230; <a title=\"Proyecto del Equipo Curricular del IFD N14\" class=\"read-more\" href=\"https:\/\/isfd14-nqn.infd.edu.ar\/sitio\/proyecto-del-equipo-curricular-del-ifd-n14\/\" aria-label=\"More on Proyecto del Equipo Curricular del IFD N14\">[+]<\/a><\/p>\n","protected":false},"author":1183,"featured_media":0,"comment_status":"open","ping_status":"open","sticky":true,"template":"","format":"standard","meta":[],"categories":[19,18],"tags":[],"acf":[],"_links":{"self":[{"href":"https:\/\/isfd14-nqn.infd.edu.ar\/sitio\/wp-json\/wp\/v2\/posts\/9199"}],"collection":[{"href":"https:\/\/isfd14-nqn.infd.edu.ar\/sitio\/wp-json\/wp\/v2\/posts"}],"about":[{"href":"https:\/\/isfd14-nqn.infd.edu.ar\/sitio\/wp-json\/wp\/v2\/types\/post"}],"author":[{"embeddable":true,"href":"https:\/\/isfd14-nqn.infd.edu.ar\/sitio\/wp-json\/wp\/v2\/users\/1183"}],"replies":[{"embeddable":true,"href":"https:\/\/isfd14-nqn.infd.edu.ar\/sitio\/wp-json\/wp\/v2\/comments?post=9199"}],"version-history":[{"count":1,"href":"https:\/\/isfd14-nqn.infd.edu.ar\/sitio\/wp-json\/wp\/v2\/posts\/9199\/revisions"}],"predecessor-version":[{"id":9200,"href":"https:\/\/isfd14-nqn.infd.edu.ar\/sitio\/wp-json\/wp\/v2\/posts\/9199\/revisions\/9200"}],"wp:attachment":[{"href":"https:\/\/isfd14-nqn.infd.edu.ar\/sitio\/wp-json\/wp\/v2\/media?parent=9199"}],"wp:term":[{"taxonomy":"category","embeddable":true,"href":"https:\/\/isfd14-nqn.infd.edu.ar\/sitio\/wp-json\/wp\/v2\/categories?post=9199"},{"taxonomy":"post_tag","embeddable":true,"href":"https:\/\/isfd14-nqn.infd.edu.ar\/sitio\/wp-json\/wp\/v2\/tags?post=9199"}],"curies":[{"name":"wp","href":"https:\/\/api.w.org\/{rel}","templated":true}]}}