{"id":9409,"date":"2025-09-15T14:20:11","date_gmt":"2025-09-15T17:20:11","guid":{"rendered":"https:\/\/isfd14-nqn.infd.edu.ar\/sitio\/?p=9409"},"modified":"2025-09-15T14:20:13","modified_gmt":"2025-09-15T17:20:13","slug":"6-congreso-de-la-region-de-los-lagos","status":"publish","type":"post","link":"https:\/\/isfd14-nqn.infd.edu.ar\/sitio\/6-congreso-de-la-region-de-los-lagos\/","title":{"rendered":"6\u00b0 Congreso de la Regi\u00f3n de los Lagos."},"content":{"rendered":"\n<hr class=\"wp-block-separator has-text-color has-accent-color has-alpha-channel-opacity has-accent-background-color has-background\"\/>\n\n\n\n<p>Estimados\/as: Compartimos invitaci\u00f3n del IFD N\u00b08<\/p>\n\n\n\n<p>Nos dirigimos a ustedes a fin de invitar a su comunidad educativa al&nbsp;<strong>6\u00b0 Congreso de la Regi\u00f3n de los Lagos \u00abCuerpos y presencias: habitar la escuela\u00bb<\/strong>&nbsp;a realizarse en Jun\u00edn de los Andes los d\u00edas jueves 30 y viernes 31 de octubre. El mismo otorga puntaje docente, con aval del CPE.<\/p>\n\n\n\n<p>&nbsp; &nbsp; &nbsp; &nbsp; &nbsp; &nbsp; &nbsp; &nbsp; &nbsp; &nbsp; &nbsp; &nbsp; &nbsp; &nbsp; &nbsp; &nbsp; &nbsp; &nbsp; &nbsp; &nbsp; &nbsp;En esta oportunidad, nos acompa\u00f1ar\u00e1n conferencistas como Sandra Nicastro, Liliana Maltz, Gabriel Brener y Daniel Brailovsky para seguir pensando y reflexionando sobre nuestra tarea. Tambi\u00e9n habr\u00e1n talleres a elecci\u00f3n para profundizar y experimentar en temas de inter\u00e9s de cada docente. \u00a1Ser\u00e1 una gran alegr\u00eda contar con vuestra presencia!<\/p>\n\n\n\n<p>&nbsp; &nbsp; &nbsp; &nbsp; &nbsp; &nbsp; &nbsp; &nbsp; &nbsp; &nbsp; &nbsp; &nbsp; &nbsp; &nbsp; &nbsp; &nbsp; &nbsp; &nbsp; &nbsp; &nbsp; &nbsp;El 1\u00b0 de septiembre se abrir\u00e1n las inscripciones, el link ser\u00e1 difundido por nuestra red social IG isfd8juanamanso. Cualquier consulta, podr\u00e1 realizarse tambi\u00e9n al correo electr\u00f3nico&nbsp;<a rel=\"noreferrer noopener\" href=\"https:\/\/isfd14-nqn.infd.edu.ar\/aula\/mailto:congresoeducativoloslagos@gmail.com\" target=\"_blank\">congresoeducativoloslagos@gmail.com<\/a>&nbsp;Por otro lado, encontrar\u00e1n m\u00e1s informaci\u00f3n en el siguiente sitio web&nbsp;<a rel=\"noreferrer noopener\" href=\"https:\/\/congreso-educativo-de-la-region-de-los-lagos.webnode.page\/\" target=\"_blank\">https:\/\/congreso-educativo-de-la-region-de-los-lagos.webnode.page\/<\/a><\/p>\n\n\n\n<p><a rel=\"noreferrer noopener\" href=\"https:\/\/isfd14-nqn.infd.edu.ar\/aula\/location.cgi?esMicrositio=no&amp;id_curso=304&amp;nueva=si&amp;wid_archivo=1417&amp;wseccion=03\" target=\"_blank\">CONGRESO.pdf<\/a>&nbsp;<\/p>\n\n\n\n<figure class=\"wp-block-image\"><img decoding=\"async\" src=\"https:\/\/ci3.googleusercontent.com\/meips\/ADKq_NYnVxdmmSvqLag0V1BtxBcIHtXRfUEQveaFJCZfwm5hf-lf8J9-pe1tdDTRY981McHbs2SXW3cbYL7F2KxXEwRWgGD1lcI-Z6C63XSYcbV0wVCqqXUYx4XM42aNr5ZJbP-CZ5f0E310tkaUU4kyHCTpnM-_Qh-31w=s0-d-e1-ft#https:\/\/isfd14-nqn.infd.edu.ar\/aula\/archivos\/_304\/news\/img_editor\/976\/img_3hlhMgxxyfzIZ1PhvcUJ.jpg\" alt=\"\"\/><\/figure>\n","protected":false},"excerpt":{"rendered":"<p>Estimados\/as: Compartimos invitaci\u00f3n del IFD N\u00b08 Nos dirigimos a ustedes a fin de invitar a su comunidad educativa al&nbsp;6\u00b0 Congreso de la Regi\u00f3n de los Lagos \u00abCuerpos y presencias: habitar la escuela\u00bb&nbsp;a realizarse en Jun\u00edn de los Andes los d\u00edas jueves 30 y viernes 31 de octubre. El mismo otorga puntaje docente, con aval del &#8230; <a title=\"6\u00b0 Congreso de la Regi\u00f3n de los Lagos.\" class=\"read-more\" href=\"https:\/\/isfd14-nqn.infd.edu.ar\/sitio\/6-congreso-de-la-region-de-los-lagos\/\" aria-label=\"More on 6\u00b0 Congreso de la Regi\u00f3n de los Lagos.\">[+]<\/a><\/p>\n","protected":false},"author":1183,"featured_media":0,"comment_status":"open","ping_status":"open","sticky":true,"template":"","format":"standard","meta":[],"categories":[19,18],"tags":[],"acf":[],"_links":{"self":[{"href":"https:\/\/isfd14-nqn.infd.edu.ar\/sitio\/wp-json\/wp\/v2\/posts\/9409"}],"collection":[{"href":"https:\/\/isfd14-nqn.infd.edu.ar\/sitio\/wp-json\/wp\/v2\/posts"}],"about":[{"href":"https:\/\/isfd14-nqn.infd.edu.ar\/sitio\/wp-json\/wp\/v2\/types\/post"}],"author":[{"embeddable":true,"href":"https:\/\/isfd14-nqn.infd.edu.ar\/sitio\/wp-json\/wp\/v2\/users\/1183"}],"replies":[{"embeddable":true,"href":"https:\/\/isfd14-nqn.infd.edu.ar\/sitio\/wp-json\/wp\/v2\/comments?post=9409"}],"version-history":[{"count":1,"href":"https:\/\/isfd14-nqn.infd.edu.ar\/sitio\/wp-json\/wp\/v2\/posts\/9409\/revisions"}],"predecessor-version":[{"id":9410,"href":"https:\/\/isfd14-nqn.infd.edu.ar\/sitio\/wp-json\/wp\/v2\/posts\/9409\/revisions\/9410"}],"wp:attachment":[{"href":"https:\/\/isfd14-nqn.infd.edu.ar\/sitio\/wp-json\/wp\/v2\/media?parent=9409"}],"wp:term":[{"taxonomy":"category","embeddable":true,"href":"https:\/\/isfd14-nqn.infd.edu.ar\/sitio\/wp-json\/wp\/v2\/categories?post=9409"},{"taxonomy":"post_tag","embeddable":true,"href":"https:\/\/isfd14-nqn.infd.edu.ar\/sitio\/wp-json\/wp\/v2\/tags?post=9409"}],"curies":[{"name":"wp","href":"https:\/\/api.w.org\/{rel}","templated":true}]}}