{"id":9524,"date":"2025-09-30T16:31:32","date_gmt":"2025-09-30T19:31:32","guid":{"rendered":"https:\/\/isfd14-nqn.infd.edu.ar\/sitio\/?p=9524"},"modified":"2025-09-30T16:36:24","modified_gmt":"2025-09-30T19:36:24","slug":"convocatoria-junta-electoral-disposiciones-no2-y-no3-2","status":"publish","type":"post","link":"https:\/\/isfd14-nqn.infd.edu.ar\/sitio\/convocatoria-junta-electoral-disposiciones-no2-y-no3-2\/","title":{"rendered":"Convocatoria Junta Electoral. Disposiciones N\u00ba2 y N\u00ba3"},"content":{"rendered":"\n<hr class=\"wp-block-separator has-text-color has-accent-color has-alpha-channel-opacity has-accent-background-color has-background\"\/>\n\n\n\n<p class=\"has-medium-font-size\">Estimada comunidad educativa: en el d\u00eda de ayer, se hizo la convocatoria para conformar&nbsp; la Junta Electoral. La misma, se realiz\u00f3&nbsp; para comenzar con el proceso eleccionario ante la vacante de la Secretar\u00eda de Extensi\u00f3n.&nbsp;<\/p>\n\n\n\n<p class=\"has-medium-font-size\">Se comparten Disposici\u00f3n N\u00ba2 y Disposici\u00f3n N\u00ba3. (ver la secci\u00f3n de archivos).<\/p>\n\n\n\n<p class=\"has-medium-font-size\">Apenas tengamos el cronograma definito, lo estaremos compartiendo por este medio y sus representantes.&nbsp;<\/p>\n\n\n\n<p class=\"has-medium-font-size\">Quedo a disposici\u00f3n.<\/p>\n\n\n\n<p class=\"has-medium-font-size\">Saludos cordiales.&nbsp;<\/p>\n","protected":false},"excerpt":{"rendered":"<p>Estimada comunidad educativa: en el d\u00eda de ayer, se hizo la convocatoria para conformar&nbsp; la Junta Electoral. La misma, se realiz\u00f3&nbsp; para comenzar con el proceso eleccionario ante la vacante de la Secretar\u00eda de Extensi\u00f3n.&nbsp; Se comparten Disposici\u00f3n N\u00ba2 y Disposici\u00f3n N\u00ba3. (ver la secci\u00f3n de archivos). Apenas tengamos el cronograma definito, lo estaremos compartiendo &#8230; <a title=\"Convocatoria Junta Electoral. Disposiciones N\u00ba2 y N\u00ba3\" class=\"read-more\" href=\"https:\/\/isfd14-nqn.infd.edu.ar\/sitio\/convocatoria-junta-electoral-disposiciones-no2-y-no3-2\/\" aria-label=\"More on Convocatoria Junta Electoral. Disposiciones N\u00ba2 y N\u00ba3\">[+]<\/a><\/p>\n","protected":false},"author":1183,"featured_media":0,"comment_status":"open","ping_status":"open","sticky":true,"template":"","format":"standard","meta":[],"categories":[19,18],"tags":[],"acf":[],"_links":{"self":[{"href":"https:\/\/isfd14-nqn.infd.edu.ar\/sitio\/wp-json\/wp\/v2\/posts\/9524"}],"collection":[{"href":"https:\/\/isfd14-nqn.infd.edu.ar\/sitio\/wp-json\/wp\/v2\/posts"}],"about":[{"href":"https:\/\/isfd14-nqn.infd.edu.ar\/sitio\/wp-json\/wp\/v2\/types\/post"}],"author":[{"embeddable":true,"href":"https:\/\/isfd14-nqn.infd.edu.ar\/sitio\/wp-json\/wp\/v2\/users\/1183"}],"replies":[{"embeddable":true,"href":"https:\/\/isfd14-nqn.infd.edu.ar\/sitio\/wp-json\/wp\/v2\/comments?post=9524"}],"version-history":[{"count":1,"href":"https:\/\/isfd14-nqn.infd.edu.ar\/sitio\/wp-json\/wp\/v2\/posts\/9524\/revisions"}],"predecessor-version":[{"id":9525,"href":"https:\/\/isfd14-nqn.infd.edu.ar\/sitio\/wp-json\/wp\/v2\/posts\/9524\/revisions\/9525"}],"wp:attachment":[{"href":"https:\/\/isfd14-nqn.infd.edu.ar\/sitio\/wp-json\/wp\/v2\/media?parent=9524"}],"wp:term":[{"taxonomy":"category","embeddable":true,"href":"https:\/\/isfd14-nqn.infd.edu.ar\/sitio\/wp-json\/wp\/v2\/categories?post=9524"},{"taxonomy":"post_tag","embeddable":true,"href":"https:\/\/isfd14-nqn.infd.edu.ar\/sitio\/wp-json\/wp\/v2\/tags?post=9524"}],"curies":[{"name":"wp","href":"https:\/\/api.w.org\/{rel}","templated":true}]}}